{"id":1105,"date":"2023-10-25T09:04:57","date_gmt":"2023-10-25T07:04:57","guid":{"rendered":"https:\/\/comixtreme.datascai.com\/?p=1105"},"modified":"2024-01-09T14:06:11","modified_gmt":"2024-01-09T13:06:11","slug":"la-politique-dans-les-comics-captain-america-et-hitler","status":"publish","type":"post","link":"https:\/\/comix-treme.com\/index.php\/2023\/10\/25\/la-politique-dans-les-comics-captain-america-et-hitler\/","title":{"rendered":"La politique dans les comics: Captain America et Hitler"},"content":{"rendered":"\t\t<div data-elementor-type=\"wp-post\" data-elementor-id=\"1105\" class=\"elementor elementor-1105\">\n\t\t\t\t\t\t<section class=\"elementor-section elementor-top-section elementor-element elementor-element-1cc84229 elementor-section-boxed elementor-section-height-default elementor-section-height-default\" data-id=\"1cc84229\" data-element_type=\"section\" data-e-type=\"section\">\n\t\t\t\t\t\t<div class=\"elementor-container elementor-column-gap-default\">\n\t\t\t\t\t<div class=\"elementor-column elementor-col-100 elementor-top-column elementor-element elementor-element-77c0b784\" data-id=\"77c0b784\" data-element_type=\"column\" data-e-type=\"column\">\n\t\t\t<div class=\"elementor-widget-wrap elementor-element-populated\">\n\t\t\t\t\t\t<div class=\"elementor-element elementor-element-ec6fca0 elementor-widget elementor-widget-text-editor\" data-id=\"ec6fca0\" data-element_type=\"widget\" data-e-type=\"widget\" data-widget_type=\"text-editor.default\">\n\t\t\t\t<div class=\"elementor-widget-container\">\n\t\t\t\t\t\t\t\t\t<p style=\"text-align: justify;\"><span style=\"color: #000000;\"><strong data-rich-text-format-boundary=\"true\">Les sujets de soci\u00e9t\u00e9 (crises \u00e9conomiques, guerres, maladies) ainsi que la politique en g\u00e9n\u00e9ral ont toujours eu une place importante dans l\u2019univers des <\/strong><em><strong>comics<\/strong><\/em><strong>. Comme son nom l&rsquo;indique, <span style=\"color: #008000;\">LA POLITIQUE DANS LES COMICS<\/span> sera une s\u00e9rie de petits dossiers vous exposant plusieurs opinions politiques pr\u00e9sent\u00e9es ouvertement chez\u00a0<span style=\"color: #ff0000;\"><em>Marvel<\/em><\/span>\u00a0et\u00a0<span style=\"color: #0000ff;\"><em>DC<\/em> <\/span><em><span style=\"color: #0000ff;\">Comics<\/span>\u00a0<\/em>principalement, allant du simple soutien \u00e0 de la propagande pure et dure.<\/strong><\/span><\/p><h1 style=\"text-align: center;\"><span style=\"color: #000000;\"><strong>\u2727<\/strong><\/span><\/h1><p style=\"text-align: justify;\"><span style=\"color: #000000;\">Ici, nous allons nous pencher sur un cas tr\u00e8s int\u00e9ressant remontant \u00e0 l\u2019<em>\u00c2ge d\u2019or des comics<\/em>, plus pr\u00e9cis\u00e9ment le d\u00e9but des ann\u00e9es 1940.\u00a0<\/span><\/p><p style=\"text-align: justify;\"><span style=\"color: #000000;\">Deux ans apr\u00e8s la naissance de\u00a0<strong><span style=\"color: #0000ff;\">Superman<\/span>\u00a0<\/strong>et du\u00a0<em>comics<\/em>, ceux-ci \u00e9taient \u00e0 leur apog\u00e9e. Des s\u00e9ries diverses et vari\u00e9es voyaient le jour, dont une majorit\u00e9 \u00e9taient publi\u00e9es par <span style=\"color: #ff0000;\"><strong>Timely Comics<\/strong><\/span>, l\u2019anc\u00eatre de\u00a0<span style=\"color: #ff0000;\"><strong>Marvel<\/strong><\/span>.<\/span><\/p><p style=\"text-align: justify;\"><span style=\"color: #000000;\">Parmi les titres phares de l\u2019\u00e9diteur, nous pouvons citer la s\u00e9rie r\u00e9guli\u00e8re <span style=\"color: #ff0000;\"><em><strong>CAPTAIN AMERICA COMICS<\/strong><\/em><\/span>, dont le premier num\u00e9ro avec sa couverture mythique, marquait la premi\u00e8re apparition de\u00a0<span style=\"color: #ff0000;\"><strong>Steve Rogers<\/strong><\/span>\u00a0sous la direction du c\u00e9l\u00e8bre duo\u00a0<strong>Joe Simon<\/strong>\/<strong>Jack Kirby<\/strong>.<\/span><\/p>\t\t\t\t\t\t\t\t<\/div>\n\t\t\t\t<\/div>\n\t\t\t\t<div class=\"elementor-element elementor-element-c44a5e3 elementor-widget elementor-widget-image\" data-id=\"c44a5e3\" data-element_type=\"widget\" data-e-type=\"widget\" data-widget_type=\"image.default\">\n\t\t\t\t<div class=\"elementor-widget-container\">\n\t\t\t\t\t\t\t\t\t\t\t\t<figure class=\"wp-caption\">\n\t\t\t\t\t\t\t\t\t\t\t<a href=\"https:\/\/comix-treme.com\/wp-content\/uploads\/2021\/05\/captain-america-comics-1941-1.jpg\" data-elementor-open-lightbox=\"no\">\n\t\t\t\t\t\t\t<img fetchpriority=\"high\" decoding=\"async\" width=\"1064\" height=\"1500\" src=\"https:\/\/comix-treme.com\/wp-content\/uploads\/2021\/05\/captain-america-comics-1941-1.jpg\" class=\"attachment-full size-full wp-image-15521\" alt=\"\" srcset=\"https:\/\/comix-treme.com\/wp-content\/uploads\/2021\/05\/captain-america-comics-1941-1.jpg 1064w, https:\/\/comix-treme.com\/wp-content\/uploads\/2021\/05\/captain-america-comics-1941-1-213x300.jpg 213w, https:\/\/comix-treme.com\/wp-content\/uploads\/2021\/05\/captain-america-comics-1941-1-726x1024.jpg 726w, https:\/\/comix-treme.com\/wp-content\/uploads\/2021\/05\/captain-america-comics-1941-1-768x1083.jpg 768w\" sizes=\"(max-width: 1064px) 100vw, 1064px\" \/>\t\t\t\t\t\t\t\t<\/a>\n\t\t\t\t\t\t\t\t\t\t\t<figcaption class=\"widget-image-caption wp-caption-text\">CAPTAIN AMERICA COMICS #1 (1941), couverture\u00a0sign\u00e9e Joe Simon &amp; Jack Kirby \u00a9 Marvel<\/figcaption>\n\t\t\t\t\t\t\t\t\t\t<\/figure>\n\t\t\t\t\t\t\t\t\t<\/div>\n\t\t\t\t<\/div>\n\t\t\t\t<div class=\"elementor-element elementor-element-1fa7cde elementor-widget elementor-widget-spacer\" data-id=\"1fa7cde\" data-element_type=\"widget\" data-e-type=\"widget\" data-widget_type=\"spacer.default\">\n\t\t\t\t<div class=\"elementor-widget-container\">\n\t\t\t\t\t\t\t<div class=\"elementor-spacer\">\n\t\t\t<div class=\"elementor-spacer-inner\"><\/div>\n\t\t<\/div>\n\t\t\t\t\t\t<\/div>\n\t\t\t\t<\/div>\n\t\t\t\t\t<\/div>\n\t\t<\/div>\n\t\t\t\t\t<\/div>\n\t\t<\/section>\n\t\t\t\t<section class=\"elementor-section elementor-top-section elementor-element elementor-element-a12ffb3 elementor-section-boxed elementor-section-height-default elementor-section-height-default\" data-id=\"a12ffb3\" data-element_type=\"section\" data-e-type=\"section\" data-settings=\"{&quot;background_background&quot;:&quot;classic&quot;}\">\n\t\t\t\t\t\t\t<div class=\"elementor-background-overlay\"><\/div>\n\t\t\t\t\t\t\t<div class=\"elementor-container elementor-column-gap-default\">\n\t\t\t\t\t<div class=\"elementor-column elementor-col-100 elementor-top-column elementor-element elementor-element-b733ab8\" data-id=\"b733ab8\" data-element_type=\"column\" data-e-type=\"column\">\n\t\t\t<div class=\"elementor-widget-wrap elementor-element-populated\">\n\t\t\t\t\t\t<div class=\"elementor-element elementor-element-f97cf7d elementor-widget elementor-widget-heading\" data-id=\"f97cf7d\" data-element_type=\"widget\" data-e-type=\"widget\" data-widget_type=\"heading.default\">\n\t\t\t\t<div class=\"elementor-widget-container\">\n\t\t\t\t\t<h2 class=\"elementor-heading-title elementor-size-default\">PARLONS-EN: LES SUPER-H\u00c9ROS RELIGIEUX<\/h2>\t\t\t\t<\/div>\n\t\t\t\t<\/div>\n\t\t\t\t<div class=\"elementor-element elementor-element-af4597c elementor-align-center elementor-widget elementor-widget-button\" data-id=\"af4597c\" data-element_type=\"widget\" data-e-type=\"widget\" data-widget_type=\"button.default\">\n\t\t\t\t<div class=\"elementor-widget-container\">\n\t\t\t\t\t\t\t\t\t<div class=\"elementor-button-wrapper\">\n\t\t\t\t\t<a class=\"elementor-button elementor-button-link elementor-size-lg\" href=\"https:\/\/comix-treme.com\/index.php\/2022\/08\/24\/parlons-en-les-super-heros-religieux\/\" target=\"_blank\">\n\t\t\t\t\t\t<span class=\"elementor-button-content-wrapper\">\n\t\t\t\t\t\t<span class=\"elementor-button-icon\">\n\t\t\t\t<i aria-hidden=\"true\" class=\"fas fa-external-link-square-alt\"><\/i>\t\t\t<\/span>\n\t\t\t\t\t\t\t\t\t<span class=\"elementor-button-text\">LIRE L'ARTICLE<\/span>\n\t\t\t\t\t<\/span>\n\t\t\t\t\t<\/a>\n\t\t\t\t<\/div>\n\t\t\t\t\t\t\t\t<\/div>\n\t\t\t\t<\/div>\n\t\t\t\t\t<\/div>\n\t\t<\/div>\n\t\t\t\t\t<\/div>\n\t\t<\/section>\n\t\t\t\t<section class=\"elementor-section elementor-top-section elementor-element elementor-element-0ce2ace elementor-section-boxed elementor-section-height-default elementor-section-height-default\" data-id=\"0ce2ace\" data-element_type=\"section\" data-e-type=\"section\">\n\t\t\t\t\t\t<div class=\"elementor-container elementor-column-gap-default\">\n\t\t\t\t\t<div class=\"elementor-column elementor-col-100 elementor-top-column elementor-element elementor-element-ea5b6d9\" data-id=\"ea5b6d9\" data-element_type=\"column\" data-e-type=\"column\">\n\t\t\t<div class=\"elementor-widget-wrap elementor-element-populated\">\n\t\t\t\t\t\t<div class=\"elementor-element elementor-element-42d33c6 elementor-widget elementor-widget-text-editor\" data-id=\"42d33c6\" data-element_type=\"widget\" data-e-type=\"widget\" data-widget_type=\"text-editor.default\">\n\t\t\t\t<div class=\"elementor-widget-container\">\n\t\t\t\t\t\t\t\t\t<p style=\"text-align: justify;\"><span style=\"color: #000000;\">Les tensions internationales qui pr\u00e9figuraient une guerre prochaine ne cessaient d\u2019augmenter, et la situation des juifs en Allemagne nazie se d\u00e9gradait de plus en plus. C\u2019est ainsi que les auteurs <strong>Joe Simon<\/strong>\u00a0et\u00a0<strong>Jack Kirby<\/strong>\u00a0sont contact\u00e9s par\u00a0<strong>Martin Goodman<\/strong>, propri\u00e9taire de\u00a0<span style=\"color: #ff0000;\"><strong>Timely Comics<\/strong><\/span>, afin de cr\u00e9er un nouveau super-h\u00e9ros patriotique.<\/span><\/p>\n<p style=\"text-align: justify;\"><span style=\"color: #000000;\">Nous sommes en 1940, et le monde est en guerre contre le dictateur\u00a0<strong>Adolf Hitler<\/strong>. Tr\u00e8s inspir\u00e9 du super-h\u00e9ros\u00a0<strong><span style=\"color: #800080;\">The Shield<\/span>\u00a0<\/strong>(dont les aventures \u00e9taient publi\u00e9es par\u00a0<span style=\"color: #800080;\"><strong><em>MLJ Comics<\/em><\/strong>\u00a0<\/span>\u2013 anc\u00eatre d\u2019<span style=\"color: #800080;\"><strong><em>Archie Comics<\/em><\/strong><\/span>\u00a0\u2013\u00a0d\u00e8s Janvier 1940),\u00a0et de\u00a0<span style=\"color: #0000ff;\"><strong>Batman<\/strong>\u00a0<\/span>et\u00a0<span style=\"color: #0000ff;\"><strong>Robin<\/strong>\u00a0<\/span>pour sa relation avec\u00a0<span style=\"color: #ff0000;\"><strong>Bucky<\/strong><\/span>,\u00a0<span style=\"color: #ff0000;\"><strong>Captain America<\/strong>\u00a0<\/span>\u00e9tait le h\u00e9ros dont la jeunesse avait besoin en ces temps difficiles. C\u2019est ainsi que, le 20 D\u00e9cembre 1940, ce nouveau h\u00e9ros appara\u00eet aux yeux de la jeunesse am\u00e9ricaine. Et quoi de plus patriote et aguicheur qu\u2019une couverture o\u00f9 ce personnage aux couleurs de l\u2019Am\u00e9rique cogne\u00a0<strong>Hitler<\/strong>\u00a0?<\/span><\/p>\t\t\t\t\t\t\t\t<\/div>\n\t\t\t\t<\/div>\n\t\t\t\t<div class=\"elementor-element elementor-element-4865758 elementor-widget elementor-widget-image\" data-id=\"4865758\" data-element_type=\"widget\" data-e-type=\"widget\" data-widget_type=\"image.default\">\n\t\t\t\t<div class=\"elementor-widget-container\">\n\t\t\t\t\t\t\t\t\t\t\t\t<figure class=\"wp-caption\">\n\t\t\t\t\t\t\t\t\t\t\t<a href=\"https:\/\/comix-treme.com\/wp-content\/uploads\/2020\/11\/28c7c59f0053dfe38d02366f66d3a9ee.jpg\" data-elementor-open-lightbox=\"no\">\n\t\t\t\t\t\t\t<img decoding=\"async\" width=\"1500\" height=\"1000\" src=\"https:\/\/comix-treme.com\/wp-content\/uploads\/2020\/11\/28c7c59f0053dfe38d02366f66d3a9ee.jpg\" class=\"attachment-full size-full wp-image-6549\" alt=\"\" srcset=\"https:\/\/comix-treme.com\/wp-content\/uploads\/2020\/11\/28c7c59f0053dfe38d02366f66d3a9ee.jpg 1500w, https:\/\/comix-treme.com\/wp-content\/uploads\/2020\/11\/28c7c59f0053dfe38d02366f66d3a9ee-300x200.jpg 300w, https:\/\/comix-treme.com\/wp-content\/uploads\/2020\/11\/28c7c59f0053dfe38d02366f66d3a9ee-1024x683.jpg 1024w, https:\/\/comix-treme.com\/wp-content\/uploads\/2020\/11\/28c7c59f0053dfe38d02366f66d3a9ee-768x512.jpg 768w\" sizes=\"(max-width: 1500px) 100vw, 1500px\" \/>\t\t\t\t\t\t\t\t<\/a>\n\t\t\t\t\t\t\t\t\t\t\t<figcaption class=\"widget-image-caption wp-caption-text\">\u00a9 Marvel<\/figcaption>\n\t\t\t\t\t\t\t\t\t\t<\/figure>\n\t\t\t\t\t\t\t\t\t<\/div>\n\t\t\t\t<\/div>\n\t\t\t\t\t<\/div>\n\t\t<\/div>\n\t\t\t\t\t<\/div>\n\t\t<\/section>\n\t\t\t\t<section class=\"elementor-section elementor-top-section elementor-element elementor-element-ccad7a5 elementor-section-boxed elementor-section-height-default elementor-section-height-default\" data-id=\"ccad7a5\" data-element_type=\"section\" data-e-type=\"section\">\n\t\t\t\t\t\t<div class=\"elementor-container elementor-column-gap-default\">\n\t\t\t\t\t<div class=\"elementor-column elementor-col-100 elementor-top-column elementor-element elementor-element-8f54129\" data-id=\"8f54129\" data-element_type=\"column\" data-e-type=\"column\">\n\t\t\t<div class=\"elementor-widget-wrap elementor-element-populated\">\n\t\t\t\t\t\t<div class=\"elementor-element elementor-element-a2e185c elementor-widget-divider--view-line elementor-widget elementor-widget-divider\" data-id=\"a2e185c\" data-element_type=\"widget\" data-e-type=\"widget\" data-widget_type=\"divider.default\">\n\t\t\t\t<div class=\"elementor-widget-container\">\n\t\t\t\t\t\t\t<div class=\"elementor-divider\">\n\t\t\t<span class=\"elementor-divider-separator\">\n\t\t\t\t\t\t<\/span>\n\t\t<\/div>\n\t\t\t\t\t\t<\/div>\n\t\t\t\t<\/div>\n\t\t\t\t<div class=\"elementor-element elementor-element-b058ab3 elementor-widget elementor-widget-heading\" data-id=\"b058ab3\" data-element_type=\"widget\" data-e-type=\"widget\" data-widget_type=\"heading.default\">\n\t\t\t\t<div class=\"elementor-widget-container\">\n\t\t\t\t\t<h2 class=\"elementor-heading-title elementor-size-default\">L'AUTEUR<\/h2>\t\t\t\t<\/div>\n\t\t\t\t<\/div>\n\t\t\t\t<div class=\"elementor-element elementor-element-8bde207 elementor-position-left elementor-vertical-align-middle elementor-widget elementor-widget-image-box\" data-id=\"8bde207\" data-element_type=\"widget\" data-e-type=\"widget\" data-widget_type=\"image-box.default\">\n\t\t\t\t<div class=\"elementor-widget-container\">\n\t\t\t\t\t<div class=\"elementor-image-box-wrapper\"><figure class=\"elementor-image-box-img\"><a href=\"https:\/\/comix-treme.com\/index.php\/author\/yannis\/\" target=\"_blank\" tabindex=\"-1\"><img decoding=\"async\" width=\"480\" height=\"445\" src=\"https:\/\/comix-treme.com\/wp-content\/uploads\/2021\/08\/231309582_230096825653062_603653158926590925_n-1.jpg\" class=\"attachment-full size-full wp-image-8826\" alt=\"\" srcset=\"https:\/\/comix-treme.com\/wp-content\/uploads\/2021\/08\/231309582_230096825653062_603653158926590925_n-1.jpg 480w, https:\/\/comix-treme.com\/wp-content\/uploads\/2021\/08\/231309582_230096825653062_603653158926590925_n-1-300x278.jpg 300w\" sizes=\"(max-width: 480px) 100vw, 480px\" \/><\/a><\/figure><div class=\"elementor-image-box-content\"><h3 class=\"elementor-image-box-title\"><a href=\"https:\/\/comix-treme.com\/index.php\/author\/yannis\/\" target=\"_blank\">YANNIS FARDEAU<\/a><\/h3><p class=\"elementor-image-box-description\">Co-fondateur de COMIX'TR\u00caME \u2500 fana de Stephen King, Potterhead, et passionn\u00e9 de blagues Carambar. Collectionne des alpagas (vivants) pour devenir ma\u00eetre du monde et, objectivement, manger des glaces. <\/p><\/div><\/div>\t\t\t\t<\/div>\n\t\t\t\t<\/div>\n\t\t\t\t\t<\/div>\n\t\t<\/div>\n\t\t\t\t\t<\/div>\n\t\t<\/section>\n\t\t\t\t<\/div>\n\t\t","protected":false},"excerpt":{"rendered":"<p>D\u00e9couvrez les origines du c\u00e9l\u00e8bre justicier patriotique !<\/p>\n","protected":false},"author":3,"featured_media":6548,"comment_status":"open","ping_status":"closed","sticky":false,"template":"","format":"standard","meta":{"_jetpack_memberships_contains_paid_content":false,"footnotes":"","jetpack_publicize_message":"","jetpack_publicize_feature_enabled":true,"jetpack_social_post_already_shared":true,"jetpack_social_options":{"image_generator_settings":{"template":"highway","enabled":false},"version":2}},"categories":[26,10],"tags":[80,37,27],"class_list":["post-1105","post","type-post","status-publish","format-standard","has-post-thumbnail","hentry","category-bandes-dessinees","category-dossiers","tag-captain-america-comics","tag-dossiers","tag-marvel"],"jetpack_publicize_connections":[],"yoast_head":"<!-- This site is optimized with the Yoast SEO plugin v25.6 - https:\/\/yoast.com\/wordpress\/plugins\/seo\/ -->\n<title>La politique dans les comics: Captain America et Hitler - COMIX&#039;TR\u00caME<\/title>\n<meta name=\"robots\" content=\"index, follow, max-snippet:-1, max-image-preview:large, max-video-preview:-1\" \/>\n<link rel=\"canonical\" href=\"https:\/\/comix-treme.com\/index.php\/2023\/10\/25\/la-politique-dans-les-comics-captain-america-et-hitler\/\" \/>\n<meta property=\"og:locale\" content=\"fr_FR\" \/>\n<meta property=\"og:type\" content=\"article\" \/>\n<meta property=\"og:title\" content=\"La politique dans les comics: Captain America et Hitler - COMIX&#039;TR\u00caME\" \/>\n<meta property=\"og:description\" content=\"D\u00e9couvrez les origines du c\u00e9l\u00e8bre justicier patriotique !\" \/>\n<meta property=\"og:url\" content=\"https:\/\/comix-treme.com\/index.php\/2023\/10\/25\/la-politique-dans-les-comics-captain-america-et-hitler\/\" \/>\n<meta property=\"og:site_name\" content=\"COMIX&#039;TR\u00caME\" \/>\n<meta property=\"article:published_time\" content=\"2023-10-25T07:04:57+00:00\" \/>\n<meta property=\"article:modified_time\" content=\"2024-01-09T13:06:11+00:00\" \/>\n<meta property=\"og:image\" content=\"https:\/\/comix-treme.com\/wp-content\/uploads\/2020\/11\/cae1196fdf2baff153b38664dda4f9e0.png\" \/>\n\t<meta property=\"og:image:width\" content=\"960\" \/>\n\t<meta property=\"og:image:height\" content=\"687\" \/>\n\t<meta property=\"og:image:type\" content=\"image\/png\" \/>\n<meta name=\"author\" content=\"Yannis Fardeau\" \/>\n<meta name=\"twitter:card\" content=\"summary_large_image\" \/>\n<meta name=\"twitter:label1\" content=\"\u00c9crit par\" \/>\n\t<meta name=\"twitter:data1\" content=\"Yannis Fardeau\" \/>\n\t<meta name=\"twitter:label2\" content=\"Dur\u00e9e de lecture estim\u00e9e\" \/>\n\t<meta name=\"twitter:data2\" content=\"3 minutes\" \/>\n<script type=\"application\/ld+json\" class=\"yoast-schema-graph\">{\"@context\":\"https:\/\/schema.org\",\"@graph\":[{\"@type\":\"Article\",\"@id\":\"https:\/\/comix-treme.com\/index.php\/2023\/10\/25\/la-politique-dans-les-comics-captain-america-et-hitler\/#article\",\"isPartOf\":{\"@id\":\"https:\/\/comix-treme.com\/index.php\/2023\/10\/25\/la-politique-dans-les-comics-captain-america-et-hitler\/\"},\"author\":{\"name\":\"Yannis Fardeau\",\"@id\":\"https:\/\/comix-treme.com\/#\/schema\/person\/0305dbca1fe40fc2fec5b46a72170c84\"},\"headline\":\"La politique dans les comics: Captain America et Hitler\",\"datePublished\":\"2023-10-25T07:04:57+00:00\",\"dateModified\":\"2024-01-09T13:06:11+00:00\",\"mainEntityOfPage\":{\"@id\":\"https:\/\/comix-treme.com\/index.php\/2023\/10\/25\/la-politique-dans-les-comics-captain-america-et-hitler\/\"},\"wordCount\":415,\"commentCount\":0,\"publisher\":{\"@id\":\"https:\/\/comix-treme.com\/#organization\"},\"image\":{\"@id\":\"https:\/\/comix-treme.com\/index.php\/2023\/10\/25\/la-politique-dans-les-comics-captain-america-et-hitler\/#primaryimage\"},\"thumbnailUrl\":\"https:\/\/comix-treme.com\/wp-content\/uploads\/2020\/11\/cae1196fdf2baff153b38664dda4f9e0.png\",\"keywords\":[\"Captain America (Comics)\",\"Dossiers\",\"Marvel\"],\"articleSection\":[\"Bandes Dessin\u00e9es\",\"Dossiers\"],\"inLanguage\":\"fr-FR\",\"potentialAction\":[{\"@type\":\"CommentAction\",\"name\":\"Comment\",\"target\":[\"https:\/\/comix-treme.com\/index.php\/2023\/10\/25\/la-politique-dans-les-comics-captain-america-et-hitler\/#respond\"]}]},{\"@type\":\"WebPage\",\"@id\":\"https:\/\/comix-treme.com\/index.php\/2023\/10\/25\/la-politique-dans-les-comics-captain-america-et-hitler\/\",\"url\":\"https:\/\/comix-treme.com\/index.php\/2023\/10\/25\/la-politique-dans-les-comics-captain-america-et-hitler\/\",\"name\":\"La politique dans les comics: Captain America et Hitler - COMIX&#039;TR\u00caME\",\"isPartOf\":{\"@id\":\"https:\/\/comix-treme.com\/#website\"},\"primaryImageOfPage\":{\"@id\":\"https:\/\/comix-treme.com\/index.php\/2023\/10\/25\/la-politique-dans-les-comics-captain-america-et-hitler\/#primaryimage\"},\"image\":{\"@id\":\"https:\/\/comix-treme.com\/index.php\/2023\/10\/25\/la-politique-dans-les-comics-captain-america-et-hitler\/#primaryimage\"},\"thumbnailUrl\":\"https:\/\/comix-treme.com\/wp-content\/uploads\/2020\/11\/cae1196fdf2baff153b38664dda4f9e0.png\",\"datePublished\":\"2023-10-25T07:04:57+00:00\",\"dateModified\":\"2024-01-09T13:06:11+00:00\",\"breadcrumb\":{\"@id\":\"https:\/\/comix-treme.com\/index.php\/2023\/10\/25\/la-politique-dans-les-comics-captain-america-et-hitler\/#breadcrumb\"},\"inLanguage\":\"fr-FR\",\"potentialAction\":[{\"@type\":\"ReadAction\",\"target\":[\"https:\/\/comix-treme.com\/index.php\/2023\/10\/25\/la-politique-dans-les-comics-captain-america-et-hitler\/\"]}]},{\"@type\":\"ImageObject\",\"inLanguage\":\"fr-FR\",\"@id\":\"https:\/\/comix-treme.com\/index.php\/2023\/10\/25\/la-politique-dans-les-comics-captain-america-et-hitler\/#primaryimage\",\"url\":\"https:\/\/comix-treme.com\/wp-content\/uploads\/2020\/11\/cae1196fdf2baff153b38664dda4f9e0.png\",\"contentUrl\":\"https:\/\/comix-treme.com\/wp-content\/uploads\/2020\/11\/cae1196fdf2baff153b38664dda4f9e0.png\",\"width\":960,\"height\":687},{\"@type\":\"BreadcrumbList\",\"@id\":\"https:\/\/comix-treme.com\/index.php\/2023\/10\/25\/la-politique-dans-les-comics-captain-america-et-hitler\/#breadcrumb\",\"itemListElement\":[{\"@type\":\"ListItem\",\"position\":1,\"name\":\"Home\",\"item\":\"https:\/\/comix-treme.com\/\"},{\"@type\":\"ListItem\",\"position\":2,\"name\":\"La politique dans les comics: Captain America et Hitler\"}]},{\"@type\":\"WebSite\",\"@id\":\"https:\/\/comix-treme.com\/#website\",\"url\":\"https:\/\/comix-treme.com\/\",\"name\":\"COMIX&#039;TR\u00caME\",\"description\":\"Pour les fans de comics, \u00e0 l&#039;extr\u00eame !\",\"publisher\":{\"@id\":\"https:\/\/comix-treme.com\/#organization\"},\"potentialAction\":[{\"@type\":\"SearchAction\",\"target\":{\"@type\":\"EntryPoint\",\"urlTemplate\":\"https:\/\/comix-treme.com\/?s={search_term_string}\"},\"query-input\":{\"@type\":\"PropertyValueSpecification\",\"valueRequired\":true,\"valueName\":\"search_term_string\"}}],\"inLanguage\":\"fr-FR\"},{\"@type\":\"Organization\",\"@id\":\"https:\/\/comix-treme.com\/#organization\",\"name\":\"COMIX&#039;TR\u00caME\",\"url\":\"https:\/\/comix-treme.com\/\",\"logo\":{\"@type\":\"ImageObject\",\"inLanguage\":\"fr-FR\",\"@id\":\"https:\/\/comix-treme.com\/#\/schema\/logo\/image\/\",\"url\":\"https:\/\/comix-treme.com\/wp-content\/uploads\/2023\/03\/cropped-Banniere-10-Sans-Fond-Version-2.png\",\"contentUrl\":\"https:\/\/comix-treme.com\/wp-content\/uploads\/2023\/03\/cropped-Banniere-10-Sans-Fond-Version-2.png\",\"width\":3261,\"height\":862,\"caption\":\"COMIX&#039;TR\u00caME\"},\"image\":{\"@id\":\"https:\/\/comix-treme.com\/#\/schema\/logo\/image\/\"}},{\"@type\":\"Person\",\"@id\":\"https:\/\/comix-treme.com\/#\/schema\/person\/0305dbca1fe40fc2fec5b46a72170c84\",\"name\":\"Yannis Fardeau\",\"image\":{\"@type\":\"ImageObject\",\"inLanguage\":\"fr-FR\",\"@id\":\"https:\/\/comix-treme.com\/#\/schema\/person\/image\/\",\"url\":\"https:\/\/secure.gravatar.com\/avatar\/0c0698b642ba3dc6ce235dc86b0e9e72?s=96&d=mm&r=g\",\"contentUrl\":\"https:\/\/secure.gravatar.com\/avatar\/0c0698b642ba3dc6ce235dc86b0e9e72?s=96&d=mm&r=g\",\"caption\":\"Yannis Fardeau\"},\"description\":\"Co-fondateur de COMIX'TR\u00caME \u2500 fana de Stephen King, Potterhead, et passionn\u00e9 de blagues Carambar. Collectionne des alpagas (vivants) pour devenir ma\u00eetre du monde et, objectivement, manger des glaces.\",\"sameAs\":[\"https:\/\/comix-treme.com\/\",\"https:\/\/www.youtube.com\/channel\/UCbaQ722JyjSZo0RGkC8xr3A\"],\"url\":\"https:\/\/comix-treme.com\/index.php\/author\/yannis\/\"}]}<\/script>\n<!-- \/ Yoast SEO plugin. -->","yoast_head_json":{"title":"La politique dans les comics: Captain America et Hitler - COMIX&#039;TR\u00caME","robots":{"index":"index","follow":"follow","max-snippet":"max-snippet:-1","max-image-preview":"max-image-preview:large","max-video-preview":"max-video-preview:-1"},"canonical":"https:\/\/comix-treme.com\/index.php\/2023\/10\/25\/la-politique-dans-les-comics-captain-america-et-hitler\/","og_locale":"fr_FR","og_type":"article","og_title":"La politique dans les comics: Captain America et Hitler - COMIX&#039;TR\u00caME","og_description":"D\u00e9couvrez les origines du c\u00e9l\u00e8bre justicier patriotique !","og_url":"https:\/\/comix-treme.com\/index.php\/2023\/10\/25\/la-politique-dans-les-comics-captain-america-et-hitler\/","og_site_name":"COMIX&#039;TR\u00caME","article_published_time":"2023-10-25T07:04:57+00:00","article_modified_time":"2024-01-09T13:06:11+00:00","og_image":[{"width":960,"height":687,"url":"https:\/\/comix-treme.com\/wp-content\/uploads\/2020\/11\/cae1196fdf2baff153b38664dda4f9e0.png","type":"image\/png"}],"author":"Yannis Fardeau","twitter_card":"summary_large_image","twitter_misc":{"\u00c9crit par":"Yannis Fardeau","Dur\u00e9e de lecture estim\u00e9e":"3 minutes"},"schema":{"@context":"https:\/\/schema.org","@graph":[{"@type":"Article","@id":"https:\/\/comix-treme.com\/index.php\/2023\/10\/25\/la-politique-dans-les-comics-captain-america-et-hitler\/#article","isPartOf":{"@id":"https:\/\/comix-treme.com\/index.php\/2023\/10\/25\/la-politique-dans-les-comics-captain-america-et-hitler\/"},"author":{"name":"Yannis Fardeau","@id":"https:\/\/comix-treme.com\/#\/schema\/person\/0305dbca1fe40fc2fec5b46a72170c84"},"headline":"La politique dans les comics: Captain America et Hitler","datePublished":"2023-10-25T07:04:57+00:00","dateModified":"2024-01-09T13:06:11+00:00","mainEntityOfPage":{"@id":"https:\/\/comix-treme.com\/index.php\/2023\/10\/25\/la-politique-dans-les-comics-captain-america-et-hitler\/"},"wordCount":415,"commentCount":0,"publisher":{"@id":"https:\/\/comix-treme.com\/#organization"},"image":{"@id":"https:\/\/comix-treme.com\/index.php\/2023\/10\/25\/la-politique-dans-les-comics-captain-america-et-hitler\/#primaryimage"},"thumbnailUrl":"https:\/\/comix-treme.com\/wp-content\/uploads\/2020\/11\/cae1196fdf2baff153b38664dda4f9e0.png","keywords":["Captain America (Comics)","Dossiers","Marvel"],"articleSection":["Bandes Dessin\u00e9es","Dossiers"],"inLanguage":"fr-FR","potentialAction":[{"@type":"CommentAction","name":"Comment","target":["https:\/\/comix-treme.com\/index.php\/2023\/10\/25\/la-politique-dans-les-comics-captain-america-et-hitler\/#respond"]}]},{"@type":"WebPage","@id":"https:\/\/comix-treme.com\/index.php\/2023\/10\/25\/la-politique-dans-les-comics-captain-america-et-hitler\/","url":"https:\/\/comix-treme.com\/index.php\/2023\/10\/25\/la-politique-dans-les-comics-captain-america-et-hitler\/","name":"La politique dans les comics: Captain America et Hitler - COMIX&#039;TR\u00caME","isPartOf":{"@id":"https:\/\/comix-treme.com\/#website"},"primaryImageOfPage":{"@id":"https:\/\/comix-treme.com\/index.php\/2023\/10\/25\/la-politique-dans-les-comics-captain-america-et-hitler\/#primaryimage"},"image":{"@id":"https:\/\/comix-treme.com\/index.php\/2023\/10\/25\/la-politique-dans-les-comics-captain-america-et-hitler\/#primaryimage"},"thumbnailUrl":"https:\/\/comix-treme.com\/wp-content\/uploads\/2020\/11\/cae1196fdf2baff153b38664dda4f9e0.png","datePublished":"2023-10-25T07:04:57+00:00","dateModified":"2024-01-09T13:06:11+00:00","breadcrumb":{"@id":"https:\/\/comix-treme.com\/index.php\/2023\/10\/25\/la-politique-dans-les-comics-captain-america-et-hitler\/#breadcrumb"},"inLanguage":"fr-FR","potentialAction":[{"@type":"ReadAction","target":["https:\/\/comix-treme.com\/index.php\/2023\/10\/25\/la-politique-dans-les-comics-captain-america-et-hitler\/"]}]},{"@type":"ImageObject","inLanguage":"fr-FR","@id":"https:\/\/comix-treme.com\/index.php\/2023\/10\/25\/la-politique-dans-les-comics-captain-america-et-hitler\/#primaryimage","url":"https:\/\/comix-treme.com\/wp-content\/uploads\/2020\/11\/cae1196fdf2baff153b38664dda4f9e0.png","contentUrl":"https:\/\/comix-treme.com\/wp-content\/uploads\/2020\/11\/cae1196fdf2baff153b38664dda4f9e0.png","width":960,"height":687},{"@type":"BreadcrumbList","@id":"https:\/\/comix-treme.com\/index.php\/2023\/10\/25\/la-politique-dans-les-comics-captain-america-et-hitler\/#breadcrumb","itemListElement":[{"@type":"ListItem","position":1,"name":"Home","item":"https:\/\/comix-treme.com\/"},{"@type":"ListItem","position":2,"name":"La politique dans les comics: Captain America et Hitler"}]},{"@type":"WebSite","@id":"https:\/\/comix-treme.com\/#website","url":"https:\/\/comix-treme.com\/","name":"COMIX&#039;TR\u00caME","description":"Pour les fans de comics, \u00e0 l&#039;extr\u00eame !","publisher":{"@id":"https:\/\/comix-treme.com\/#organization"},"potentialAction":[{"@type":"SearchAction","target":{"@type":"EntryPoint","urlTemplate":"https:\/\/comix-treme.com\/?s={search_term_string}"},"query-input":{"@type":"PropertyValueSpecification","valueRequired":true,"valueName":"search_term_string"}}],"inLanguage":"fr-FR"},{"@type":"Organization","@id":"https:\/\/comix-treme.com\/#organization","name":"COMIX&#039;TR\u00caME","url":"https:\/\/comix-treme.com\/","logo":{"@type":"ImageObject","inLanguage":"fr-FR","@id":"https:\/\/comix-treme.com\/#\/schema\/logo\/image\/","url":"https:\/\/comix-treme.com\/wp-content\/uploads\/2023\/03\/cropped-Banniere-10-Sans-Fond-Version-2.png","contentUrl":"https:\/\/comix-treme.com\/wp-content\/uploads\/2023\/03\/cropped-Banniere-10-Sans-Fond-Version-2.png","width":3261,"height":862,"caption":"COMIX&#039;TR\u00caME"},"image":{"@id":"https:\/\/comix-treme.com\/#\/schema\/logo\/image\/"}},{"@type":"Person","@id":"https:\/\/comix-treme.com\/#\/schema\/person\/0305dbca1fe40fc2fec5b46a72170c84","name":"Yannis Fardeau","image":{"@type":"ImageObject","inLanguage":"fr-FR","@id":"https:\/\/comix-treme.com\/#\/schema\/person\/image\/","url":"https:\/\/secure.gravatar.com\/avatar\/0c0698b642ba3dc6ce235dc86b0e9e72?s=96&d=mm&r=g","contentUrl":"https:\/\/secure.gravatar.com\/avatar\/0c0698b642ba3dc6ce235dc86b0e9e72?s=96&d=mm&r=g","caption":"Yannis Fardeau"},"description":"Co-fondateur de COMIX'TR\u00caME \u2500 fana de Stephen King, Potterhead, et passionn\u00e9 de blagues Carambar. Collectionne des alpagas (vivants) pour devenir ma\u00eetre du monde et, objectivement, manger des glaces.","sameAs":["https:\/\/comix-treme.com\/","https:\/\/www.youtube.com\/channel\/UCbaQ722JyjSZo0RGkC8xr3A"],"url":"https:\/\/comix-treme.com\/index.php\/author\/yannis\/"}]}},"jetpack_featured_media_url":"https:\/\/comix-treme.com\/wp-content\/uploads\/2020\/11\/cae1196fdf2baff153b38664dda4f9e0.png","jetpack_sharing_enabled":true,"jetpack_likes_enabled":true,"jetpack-related-posts":[],"jetpack_shortlink":"https:\/\/wp.me\/pb2Nr0-hP","_links":{"self":[{"href":"https:\/\/comix-treme.com\/index.php\/wp-json\/wp\/v2\/posts\/1105"}],"collection":[{"href":"https:\/\/comix-treme.com\/index.php\/wp-json\/wp\/v2\/posts"}],"about":[{"href":"https:\/\/comix-treme.com\/index.php\/wp-json\/wp\/v2\/types\/post"}],"author":[{"embeddable":true,"href":"https:\/\/comix-treme.com\/index.php\/wp-json\/wp\/v2\/users\/3"}],"replies":[{"embeddable":true,"href":"https:\/\/comix-treme.com\/index.php\/wp-json\/wp\/v2\/comments?post=1105"}],"version-history":[{"count":42,"href":"https:\/\/comix-treme.com\/index.php\/wp-json\/wp\/v2\/posts\/1105\/revisions"}],"predecessor-version":[{"id":15548,"href":"https:\/\/comix-treme.com\/index.php\/wp-json\/wp\/v2\/posts\/1105\/revisions\/15548"}],"wp:featuredmedia":[{"embeddable":true,"href":"https:\/\/comix-treme.com\/index.php\/wp-json\/wp\/v2\/media\/6548"}],"wp:attachment":[{"href":"https:\/\/comix-treme.com\/index.php\/wp-json\/wp\/v2\/media?parent=1105"}],"wp:term":[{"taxonomy":"category","embeddable":true,"href":"https:\/\/comix-treme.com\/index.php\/wp-json\/wp\/v2\/categories?post=1105"},{"taxonomy":"post_tag","embeddable":true,"href":"https:\/\/comix-treme.com\/index.php\/wp-json\/wp\/v2\/tags?post=1105"}],"curies":[{"name":"wp","href":"https:\/\/api.w.org\/{rel}","templated":true}]}}